{"id":1588,"date":"2017-01-29T11:40:09","date_gmt":"2017-01-29T10:40:09","guid":{"rendered":"http:\/\/www.montessori-schule-duesseldorf-sued.de\/cm\/?p=1588"},"modified":"2017-11-29T11:53:32","modified_gmt":"2017-11-29T10:53:32","slug":"garather-schultuete-gemeinsam-verbunden","status":"publish","type":"post","link":"https:\/\/www.montessori-schule-duesseldorf-sued.de\/cm\/2017\/01\/29\/garather-schultuete-gemeinsam-verbunden\/","title":{"rendered":"Garather Schult\u00fcte \u201eGemeinsam verbunden\u201c"},"content":{"rendered":"<p><img loading=\"lazy\" decoding=\"async\" class=\"alignleft wp-image-1590\" src=\"http:\/\/www.montessori-schule-duesseldorf-sued.de\/cm\/wp-content\/uploads\/2017\/01\/akt04.jpg\" alt=\"\" width=\"290\" height=\"224\" srcset=\"https:\/\/www.montessori-schule-duesseldorf-sued.de\/cm\/wp-content\/uploads\/2017\/01\/akt04.jpg 400w, https:\/\/www.montessori-schule-duesseldorf-sued.de\/cm\/wp-content\/uploads\/2017\/01\/akt04-300x232.jpg 300w, https:\/\/www.montessori-schule-duesseldorf-sued.de\/cm\/wp-content\/uploads\/2017\/01\/akt04-24x19.jpg 24w, https:\/\/www.montessori-schule-duesseldorf-sued.de\/cm\/wp-content\/uploads\/2017\/01\/akt04-36x28.jpg 36w, https:\/\/www.montessori-schule-duesseldorf-sued.de\/cm\/wp-content\/uploads\/2017\/01\/akt04-48x37.jpg 48w\" sizes=\"auto, (max-width: 290px) 100vw, 290px\" \/>Seit Januar 2017 nimmt unsere Schule am Projekt \u201eGarather Schult\u00fcte\u201c teil. In diesem Projekt geht es darum, Kindern den \u00dcbergang in die Grundschule zu erleichtern. Teilnehmerkreis sind nicht nur Erstkl\u00e4ssler beim Wechsel von der Kita in die Grundschule, sondern in diesem Jahr insbesondere auch Kinder aus gefl\u00fcchteten Familien. Ihnen wird ein besonderes Angebot gemacht. Sie gestalten in Zusammenarbeit mit der Freizeitst\u00e4tte Garath, dem K\u00fcnstler Ralf Buchholz und zwei weiteren Grundschulen aus Garath ein 1 Kilometer langes Band unter dem Motto \u201eGemeinsam verbunden\u201c. Am Ende des ersten Projektzeitraumes steht die Pr\u00e4sentation des gemeinsam erstellten Werkes. Das Band wird von vielen Kindern und Erwachsenen durch Garath getragen, um zu zeigen, dass wir ein bunter Stadtteil sind, in dem jeder seinen Platz hat und wir alle miteinander verbunden sind. Am Ende wird es ein gro\u00dfes Fest in und um die Freizeitst\u00e4tte Garath geben. Es wird ein buntes Rahmenprogramm mit Trommlern, verschiedenen St\u00e4nden, einem Buffett und vielem mehr geben. Bitte merken Sie sich schon jetzt diesen gro\u00dfartigen Termin vor:<\/p>\n<p style=\"text-align: center\"><span style=\"font-size: large\"><b>Freitag, den 7. April 2017 ab 15.30 Uhr<\/b><\/span><\/p>\n<p style=\"text-align: center\">Wir freuen uns \u00fcber eine rege Teilnahme.<\/p>\n","protected":false},"excerpt":{"rendered":"<p>Seit Januar 2017 nimmt unsere Schule am Projekt \u201eGarather Schult\u00fcte\u201c teil. In diesem Projekt geht es darum, Kindern den \u00dcbergang in die Grundschule zu erleichtern. Teilnehmerkreis sind nicht nur Erstkl\u00e4ssler beim Wechsel von der Kita in die Grundschule, sondern in diesem Jahr insbesondere auch Kinder aus gefl\u00fcchteten Familien. Ihnen wird ein besonderes Angebot gemacht. Sie<span>&#8230;<strong> <a style=\"color:#000000\" href=\"https:\/\/www.montessori-schule-duesseldorf-sued.de\/cm\/2017\/01\/29\/garather-schultuete-gemeinsam-verbunden\/\">(Hier k\u00f6nnen Sie weiterlesen&#8230;)<\/a><\/strong><\/span><\/p>\n","protected":false},"author":1,"featured_media":0,"comment_status":"closed","ping_status":"closed","sticky":false,"template":"","format":"standard","meta":{"_acf_changed":false,"footnotes":""},"categories":[1],"tags":[9],"class_list":["post-1588","post","type-post","status-publish","format-standard","hentry","category-allgemein","tag-veranstaltung"],"acf":[],"publishpress_future_action":{"enabled":false,"date":"2026-05-04 12:32:52","action":"change-status","newStatus":"draft","terms":[],"taxonomy":"category","extraData":[]},"publishpress_future_workflow_manual_trigger":{"enabledWorkflows":[]},"_links":{"self":[{"href":"https:\/\/www.montessori-schule-duesseldorf-sued.de\/cm\/wp-json\/wp\/v2\/posts\/1588","targetHints":{"allow":["GET"]}}],"collection":[{"href":"https:\/\/www.montessori-schule-duesseldorf-sued.de\/cm\/wp-json\/wp\/v2\/posts"}],"about":[{"href":"https:\/\/www.montessori-schule-duesseldorf-sued.de\/cm\/wp-json\/wp\/v2\/types\/post"}],"author":[{"embeddable":true,"href":"https:\/\/www.montessori-schule-duesseldorf-sued.de\/cm\/wp-json\/wp\/v2\/users\/1"}],"replies":[{"embeddable":true,"href":"https:\/\/www.montessori-schule-duesseldorf-sued.de\/cm\/wp-json\/wp\/v2\/comments?post=1588"}],"version-history":[{"count":5,"href":"https:\/\/www.montessori-schule-duesseldorf-sued.de\/cm\/wp-json\/wp\/v2\/posts\/1588\/revisions"}],"predecessor-version":[{"id":1649,"href":"https:\/\/www.montessori-schule-duesseldorf-sued.de\/cm\/wp-json\/wp\/v2\/posts\/1588\/revisions\/1649"}],"wp:attachment":[{"href":"https:\/\/www.montessori-schule-duesseldorf-sued.de\/cm\/wp-json\/wp\/v2\/media?parent=1588"}],"wp:term":[{"taxonomy":"category","embeddable":true,"href":"https:\/\/www.montessori-schule-duesseldorf-sued.de\/cm\/wp-json\/wp\/v2\/categories?post=1588"},{"taxonomy":"post_tag","embeddable":true,"href":"https:\/\/www.montessori-schule-duesseldorf-sued.de\/cm\/wp-json\/wp\/v2\/tags?post=1588"}],"curies":[{"name":"wp","href":"https:\/\/api.w.org\/{rel}","templated":true}]}}