{"id":3142,"date":"2019-09-20T18:44:53","date_gmt":"2019-09-20T16:44:53","guid":{"rendered":"http:\/\/www.montessori-schule-duesseldorf-sued.de\/cm\/?p=3142"},"modified":"2019-09-28T18:53:10","modified_gmt":"2019-09-28T16:53:10","slug":"weltklimatag","status":"publish","type":"post","link":"https:\/\/www.montessori-schule-duesseldorf-sued.de\/cm\/2019\/09\/20\/weltklimatag\/","title":{"rendered":"Weltklimatag"},"content":{"rendered":"<p><img loading=\"lazy\" decoding=\"async\" class=\"size-full wp-image-3143 aligncenter\" src=\"http:\/\/www.montessori-schule-duesseldorf-sued.de\/cm\/wp-content\/uploads\/2019\/09\/demo01.jpg\" alt=\"\" width=\"500\" height=\"333\" srcset=\"https:\/\/www.montessori-schule-duesseldorf-sued.de\/cm\/wp-content\/uploads\/2019\/09\/demo01.jpg 500w, https:\/\/www.montessori-schule-duesseldorf-sued.de\/cm\/wp-content\/uploads\/2019\/09\/demo01-300x200.jpg 300w, https:\/\/www.montessori-schule-duesseldorf-sued.de\/cm\/wp-content\/uploads\/2019\/09\/demo01-24x16.jpg 24w, https:\/\/www.montessori-schule-duesseldorf-sued.de\/cm\/wp-content\/uploads\/2019\/09\/demo01-36x24.jpg 36w, https:\/\/www.montessori-schule-duesseldorf-sued.de\/cm\/wp-content\/uploads\/2019\/09\/demo01-48x32.jpg 48w\" sizes=\"auto, (max-width: 500px) 100vw, 500px\" \/><br \/>\nWie bereits im M\u00e4rz so haben wir den Weltklimatag am 20.September 2019 zum Anlass genommen, unseren eigenen Klimaschutztag durchzuf\u00fchren. Alle Kinder unserer Schule trafen sich mit Kindern der KGS Josef-Kleesattel-Stra\u00dfe und der GGS Adam-Stegerwald-Stra\u00dfe nach einem Sternmasch vor der Freizeitst\u00e4tte in Garath. Die Klassensprecher trugen ihre zuvor gesammelten W\u00fcnsche f\u00fcr den Klimaschutz vor und alle zusammen sangen den Klima-Rap. Auf dem R\u00fcckweg zur Schule sammelten die Kinder an verschiedenen Garather Orten wie Spielpl\u00e4tzen, dem Einkaufszentrum oder den Urdenbacher K\u00e4mpen M\u00fcll ein, den die awista dann f\u00fcr uns entsorgte. So haben wir auch einen Beitrag zum Umweltschutz im Rahmen unserer M\u00f6glichkeiten geleistet.<\/p>\n<p><img loading=\"lazy\" decoding=\"async\" style=\"box-shadow:none;\" class=\"size-full wp-image-3146 aligncenter\" src=\"http:\/\/www.montessori-schule-duesseldorf-sued.de\/cm\/wp-content\/uploads\/2019\/09\/demo02.jpg\" alt=\"\" width=\"572\" height=\"155\" srcset=\"https:\/\/www.montessori-schule-duesseldorf-sued.de\/cm\/wp-content\/uploads\/2019\/09\/demo02.jpg 572w, https:\/\/www.montessori-schule-duesseldorf-sued.de\/cm\/wp-content\/uploads\/2019\/09\/demo02-300x81.jpg 300w, https:\/\/www.montessori-schule-duesseldorf-sued.de\/cm\/wp-content\/uploads\/2019\/09\/demo02-24x7.jpg 24w, https:\/\/www.montessori-schule-duesseldorf-sued.de\/cm\/wp-content\/uploads\/2019\/09\/demo02-36x10.jpg 36w, https:\/\/www.montessori-schule-duesseldorf-sued.de\/cm\/wp-content\/uploads\/2019\/09\/demo02-48x13.jpg 48w\" sizes=\"auto, (max-width: 572px) 100vw, 572px\" \/><\/p>\n","protected":false},"excerpt":{"rendered":"<p>Wie bereits im M\u00e4rz so haben wir den Weltklimatag am 20.September 2019 zum Anlass genommen, unseren eigenen Klimaschutztag durchzuf\u00fchren. Alle Kinder unserer Schule trafen sich mit Kindern der KGS Josef-Kleesattel-Stra\u00dfe und der GGS Adam-Stegerwald-Stra\u00dfe nach einem Sternmasch vor der Freizeitst\u00e4tte in Garath. Die Klassensprecher trugen ihre zuvor gesammelten W\u00fcnsche f\u00fcr den Klimaschutz vor und alle<span>&#8230;<strong> <a style=\"color:#000000\" href=\"https:\/\/www.montessori-schule-duesseldorf-sued.de\/cm\/2019\/09\/20\/weltklimatag\/\">(Hier k\u00f6nnen Sie weiterlesen&#8230;)<\/a><\/strong><\/span><\/p>\n","protected":false},"author":1,"featured_media":0,"comment_status":"closed","ping_status":"closed","sticky":false,"template":"","format":"standard","meta":{"_acf_changed":false,"footnotes":""},"categories":[1],"tags":[10],"class_list":["post-3142","post","type-post","status-publish","format-standard","hentry","category-allgemein","tag-ausflug"],"acf":[],"publishpress_future_action":{"enabled":false,"date":"2026-05-04 13:18:03","action":"change-status","newStatus":"draft","terms":[],"taxonomy":"category","extraData":[]},"publishpress_future_workflow_manual_trigger":{"enabledWorkflows":[]},"_links":{"self":[{"href":"https:\/\/www.montessori-schule-duesseldorf-sued.de\/cm\/wp-json\/wp\/v2\/posts\/3142","targetHints":{"allow":["GET"]}}],"collection":[{"href":"https:\/\/www.montessori-schule-duesseldorf-sued.de\/cm\/wp-json\/wp\/v2\/posts"}],"about":[{"href":"https:\/\/www.montessori-schule-duesseldorf-sued.de\/cm\/wp-json\/wp\/v2\/types\/post"}],"author":[{"embeddable":true,"href":"https:\/\/www.montessori-schule-duesseldorf-sued.de\/cm\/wp-json\/wp\/v2\/users\/1"}],"replies":[{"embeddable":true,"href":"https:\/\/www.montessori-schule-duesseldorf-sued.de\/cm\/wp-json\/wp\/v2\/comments?post=3142"}],"version-history":[{"count":3,"href":"https:\/\/www.montessori-schule-duesseldorf-sued.de\/cm\/wp-json\/wp\/v2\/posts\/3142\/revisions"}],"predecessor-version":[{"id":3147,"href":"https:\/\/www.montessori-schule-duesseldorf-sued.de\/cm\/wp-json\/wp\/v2\/posts\/3142\/revisions\/3147"}],"wp:attachment":[{"href":"https:\/\/www.montessori-schule-duesseldorf-sued.de\/cm\/wp-json\/wp\/v2\/media?parent=3142"}],"wp:term":[{"taxonomy":"category","embeddable":true,"href":"https:\/\/www.montessori-schule-duesseldorf-sued.de\/cm\/wp-json\/wp\/v2\/categories?post=3142"},{"taxonomy":"post_tag","embeddable":true,"href":"https:\/\/www.montessori-schule-duesseldorf-sued.de\/cm\/wp-json\/wp\/v2\/tags?post=3142"}],"curies":[{"name":"wp","href":"https:\/\/api.w.org\/{rel}","templated":true}]}}